{"id":2207,"date":"2021-09-12T09:37:36","date_gmt":"2021-09-12T07:37:36","guid":{"rendered":"https:\/\/www.studiocoiff.fr\/?p=2207"},"modified":"2021-09-12T09:54:51","modified_gmt":"2021-09-12T07:54:51","slug":"transformer-un-dechet-en-ressource","status":"publish","type":"post","link":"https:\/\/www.studiocoiff.fr\/index.php\/2021\/09\/12\/transformer-un-dechet-en-ressource\/","title":{"rendered":"CAPILLUM, transformer un d\u00e9chet en ressource"},"content":{"rendered":"<p><a href=\"https:\/\/www.studiocoiff.fr\/\">Studio Coiff&rsquo;<\/a> \u00e9tait d\u00e9ja acteur du recyclage des cheveux au service de l&rsquo;environnement.<\/p>\n<p><a href=\"https:\/\/www.capillum.fr\/\" target=\"_blank\" rel=\"noopener\"><img loading=\"lazy\" decoding=\"async\" class=\"size-full wp-image-2208 aligncenter\" src=\"https:\/\/www.studiocoiff.fr\/wp-content\/uploads\/2021\/09\/Capillum-logo.png\" alt=\"\" width=\"300\" height=\"258\" \/><\/a><\/p>\n<p>Aujourd&rsquo;hui nous renfor\u00e7ons encore notre d\u00e9marche en association avec <a href=\"https:\/\/www.capillum.fr\/\" target=\"_blank\" rel=\"noopener\">CAPILLUM<\/a>.<\/p>\n<p>Premi\u00e8re fili\u00e8re de recyclage de cheveux en France, Capillum s\u2019engage pour faire des cheveux une ressource et non un d\u00e9chet afin de pr\u00e9server l\u2019environnement. Coiffeurs comme clients, nous avons tous et toutes le pouvoir d\u2019effectuer des changements pour l\u2019avenir.<\/p>\n<p><img loading=\"lazy\" decoding=\"async\" class=\"size-medium wp-image-2205 aligncenter\" src=\"https:\/\/www.studiocoiff.fr\/wp-content\/uploads\/2021\/09\/Capillum-revalorisation-cheveux-p3-e6-300x300.jpg\" alt=\"\" width=\"300\" height=\"300\" srcset=\"https:\/\/www.studiocoiff.fr\/wp-content\/uploads\/2021\/09\/Capillum-revalorisation-cheveux-p3-e6-300x300.jpg 300w, https:\/\/www.studiocoiff.fr\/wp-content\/uploads\/2021\/09\/Capillum-revalorisation-cheveux-p3-e6-150x150.jpg 150w, https:\/\/www.studiocoiff.fr\/wp-content\/uploads\/2021\/09\/Capillum-revalorisation-cheveux-p3-e6-768x768.jpg 768w, https:\/\/www.studiocoiff.fr\/wp-content\/uploads\/2021\/09\/Capillum-revalorisation-cheveux-p3-e6-480x480.jpg 480w, https:\/\/www.studiocoiff.fr\/wp-content\/uploads\/2021\/09\/Capillum-revalorisation-cheveux-p3-e6-720x720.jpg 720w, https:\/\/www.studiocoiff.fr\/wp-content\/uploads\/2021\/09\/Capillum-revalorisation-cheveux-p3-e6.jpg 1000w\" sizes=\"auto, (max-width: 300px) 100vw, 300px\" \/><\/p>\n<p>On associe souvent l\u2019\u00e9cologie \u00e0 un effort, une contrainte\u2026 Aujourd\u2019hui, avec <a href=\"https:\/\/www.capillum.fr\/\" target=\"_blank\" rel=\"noopener\">Capillum<\/a>, il est possible pour le secteur de la coiffure de pr\u00e9server l\u2019environnement et diminuer ses d\u00e9chets simplement en recyclant les cheveux coup\u00e9s des clients.<br \/>\nIl est pourtant naturel de ne pas gaspiller l\u2019eau chez soi, de r\u00e9duire le plastique, de faire le tri s\u00e9lectif des ordures m\u00e9nag\u00e8res\u2026 Alors pourquoi n\u2019en serait-il pas pareil avec les cheveux coup\u00e9s ?<br \/>\nAdopter la d\u00e9marche <a href=\"https:\/\/www.capillum.fr\/\" target=\"_blank\" rel=\"noopener\">Capillum<\/a> et recycler les cheveux c\u2019est :<\/p>\n<p><img loading=\"lazy\" decoding=\"async\" class=\"wp-image-2202 aligncenter\" src=\"https:\/\/www.studiocoiff.fr\/wp-content\/uploads\/2021\/09\/capillum-2-300x122.jpg\" alt=\"\" width=\"507\" height=\"206\" srcset=\"https:\/\/www.studiocoiff.fr\/wp-content\/uploads\/2021\/09\/capillum-2-300x122.jpg 300w, https:\/\/www.studiocoiff.fr\/wp-content\/uploads\/2021\/09\/capillum-2-1024x416.jpg 1024w, https:\/\/www.studiocoiff.fr\/wp-content\/uploads\/2021\/09\/capillum-2-768x312.jpg 768w, https:\/\/www.studiocoiff.fr\/wp-content\/uploads\/2021\/09\/capillum-2.jpg 1121w\" sizes=\"auto, (max-width: 507px) 100vw, 507px\" \/><\/p>\n<p>En venant vous faire coiffer chez <a href=\"https:\/\/www.studiocoiff.fr\/\">Studio Coiff&rsquo;<\/a>, vous devenez en client \u00e9co-responsable en partageant des valeurs et une d\u00e9marche communes.<\/p>\n","protected":false},"excerpt":{"rendered":"<p>Studio Coiff&rsquo; \u00e9tait d\u00e9ja acteur du recyclage des cheveux au service de l&rsquo;environnement. Aujourd&rsquo;hui nous renfor\u00e7ons encore notre d\u00e9marche en association avec CAPILLUM. Premi\u00e8re fili\u00e8re de recyclage de cheveux en [&hellip;]<\/p>\n","protected":false},"author":1,"featured_media":2205,"comment_status":"closed","ping_status":"open","sticky":false,"template":"","format":"standard","meta":{"footnotes":""},"categories":[36],"tags":[],"class_list":["post-2207","post","type-post","status-publish","format-standard","has-post-thumbnail","hentry","category-nouveaute","cat-36-id","has_thumb"],"_links":{"self":[{"href":"https:\/\/www.studiocoiff.fr\/index.php\/wp-json\/wp\/v2\/posts\/2207","targetHints":{"allow":["GET"]}}],"collection":[{"href":"https:\/\/www.studiocoiff.fr\/index.php\/wp-json\/wp\/v2\/posts"}],"about":[{"href":"https:\/\/www.studiocoiff.fr\/index.php\/wp-json\/wp\/v2\/types\/post"}],"author":[{"embeddable":true,"href":"https:\/\/www.studiocoiff.fr\/index.php\/wp-json\/wp\/v2\/users\/1"}],"replies":[{"embeddable":true,"href":"https:\/\/www.studiocoiff.fr\/index.php\/wp-json\/wp\/v2\/comments?post=2207"}],"version-history":[{"count":6,"href":"https:\/\/www.studiocoiff.fr\/index.php\/wp-json\/wp\/v2\/posts\/2207\/revisions"}],"predecessor-version":[{"id":2215,"href":"https:\/\/www.studiocoiff.fr\/index.php\/wp-json\/wp\/v2\/posts\/2207\/revisions\/2215"}],"wp:featuredmedia":[{"embeddable":true,"href":"https:\/\/www.studiocoiff.fr\/index.php\/wp-json\/wp\/v2\/media\/2205"}],"wp:attachment":[{"href":"https:\/\/www.studiocoiff.fr\/index.php\/wp-json\/wp\/v2\/media?parent=2207"}],"wp:term":[{"taxonomy":"category","embeddable":true,"href":"https:\/\/www.studiocoiff.fr\/index.php\/wp-json\/wp\/v2\/categories?post=2207"},{"taxonomy":"post_tag","embeddable":true,"href":"https:\/\/www.studiocoiff.fr\/index.php\/wp-json\/wp\/v2\/tags?post=2207"}],"curies":[{"name":"wp","href":"https:\/\/api.w.org\/{rel}","templated":true}]}}